{"id":3929,"date":"2019-05-06T16:06:50","date_gmt":"2019-05-06T14:06:50","guid":{"rendered":"http:\/\/novyfonograf.cz\/uncategorized\/generalni-konzulat-cr-v-chicagu-referuje-o-navsteve-filipa-sira\/"},"modified":"2019-07-09T21:23:42","modified_gmt":"2019-07-09T19:23:42","slug":"filip-sir-visits-the-consulate-general-of-the-czech-republic-in-chicago","status":"publish","type":"post","link":"https:\/\/novyfonograf.cz\/en\/they-wrote-about-us\/filip-sir-visits-the-consulate-general-of-the-czech-republic-in-chicago\/","title":{"rendered":"Filip \u0160\u00edr visits the Consulate General of the Czech Republic in Chicago"},"content":{"rendered":"<div class=\"fusion-fullwidth fullwidth-box fusion-builder-row-1 nonhundred-percent-fullwidth non-hundred-percent-height-scrolling\" style=\"background-color: rgba(255,255,255,0);background-position: center center;background-repeat: no-repeat;padding-top:0px;padding-right:0px;padding-bottom:50px;padding-left:0px;margin-bottom: 0px;margin-top: 0px;border-width: 0px 0px 0px 0px;border-color:#eae9e9;border-style:solid;\" ><div class=\"fusion-builder-row fusion-row\"><div class=\"fusion-layout-column fusion_builder_column fusion-builder-column-0 fusion_builder_column_1_2 1_2 fusion-one-half fusion-column-first\" style=\"width:50%;width:calc(50% - ( ( 4% ) * 0.5 ) );margin-right: 4%;margin-top:0px;margin-bottom:20px;\"><div class=\"fusion-column-wrapper fusion-flex-column-wrapper-legacy\" style=\"background-position:left top;background-repeat:no-repeat;-webkit-background-size:cover;-moz-background-size:cover;-o-background-size:cover;background-size:cover;padding: 0px 0px 0px 0px;\"><style type=\"text\/css\">.fusion-gallery-1 .fusion-gallery-image {border:0px solid #e2e2e2;}<\/style><div class=\"fusion-gallery fusion-gallery-container fusion-grid-1 fusion-columns-total-1 fusion-gallery-layout-grid fusion-gallery-1\" style=\"margin:-5px;\"><div style=\"padding:5px;\" class=\"fusion-grid-column fusion-gallery-column fusion-gallery-column-1 hover-type-none\"><div class=\"fusion-gallery-image\"><a href=\"https:\/\/novyfonograf.cz\/wp-content\/uploads\/2019\/05\/novy-fonograf-chicago-konzulat.jpg\" rel=\"noreferrer\" data-rel=\"iLightbox[gallery_image_1]\" class=\"fusion-lightbox\"><img src=\"https:\/\/novyfonograf.cz\/wp-content\/uploads\/2019\/05\/novy-fonograf-chicago-konzulat.jpg\" width=\"1170\" height=\"877\" alt=\"\" title=\"novy-fonograf-chicago-konzulat\" aria-label=\"novy-fonograf-chicago-konzulat\" class=\"img-responsive wp-image-3923\" srcset=\"https:\/\/novyfonograf.cz\/wp-content\/uploads\/2019\/05\/novy-fonograf-chicago-konzulat-200x150.jpg 200w, https:\/\/novyfonograf.cz\/wp-content\/uploads\/2019\/05\/novy-fonograf-chicago-konzulat-400x300.jpg 400w, https:\/\/novyfonograf.cz\/wp-content\/uploads\/2019\/05\/novy-fonograf-chicago-konzulat-600x450.jpg 600w, https:\/\/novyfonograf.cz\/wp-content\/uploads\/2019\/05\/novy-fonograf-chicago-konzulat-800x600.jpg 800w, https:\/\/novyfonograf.cz\/wp-content\/uploads\/2019\/05\/novy-fonograf-chicago-konzulat.jpg 1170w\" sizes=\"(min-width: 2200px) 100vw, (min-width: 640px) 1200px, \" \/><\/a><\/div><\/div><div class=\"clearfix\"><\/div><\/div><div class=\"fusion-clearfix\"><\/div><\/div><\/div><div class=\"fusion-layout-column fusion_builder_column fusion-builder-column-1 fusion_builder_column_1_2 1_2 fusion-one-half fusion-column-last\" style=\"width:50%;width:calc(50% - ( ( 4% ) * 0.5 ) );margin-top:0px;margin-bottom:0px;\"><div class=\"fusion-column-wrapper fusion-flex-column-wrapper-legacy\" style=\"background-position:left top;background-repeat:no-repeat;-webkit-background-size:cover;-moz-background-size:cover;-o-background-size:cover;background-size:cover;padding: 0px 0px 0px 0px;\"><div class=\"fusion-text fusion-text-1\" style=\"transform:translate3d(0,0,0);\"><p>The founder of New Phonograph <a href=\"http:\/\/novyfonograf.cz\/en\/teams\/work-team\/filip-sir\/\" target=\"_blank\" rel=\"noopener\">Filip \u0160\u00edr<\/a> visited the Consulate General of the Czech Republic in Chicago\u00a0on May 2 \u2013 4, 2019 during his journey in the USA. As the website of the Consulate General of the Czech Republic in Chicago informs<span class=\"st\">, Filip \u0160\u00edr <strong>\u201evisited the historical Pilsen neighborhood of Chicago which was established mainly by immigrants from Czech lands and other Eastern European countries at the end of 19th century and beginning of the 20th century and where mostly immigrants of Mexican origin are living now. At the 18th Street in Pilsen, Mr. \u0160\u00edr visited houses where one of the oldest gramophone and phonograph records\u2018 stores of Mr. Joseph Jir\u00e1\u0148, Frank Pro\u0161ek and Tom\u00e1\u0161 Ko\u0161atka, established around 1910, were located.<\/strong>&#8221;\u00a0<\/span><\/p>\n<p><span class=\"st\">As a part of his visit, Filip \u0160\u00edr also presented the book<strong><a href=\"http:\/\/eshop.nm.cz\/product\/bohemia-on-records-krajane-za-velkou-louzi\" target=\"_blank\" rel=\"noopener\">\u00a0Krajan\u00e9 za velkou lou\u017e\u00ed\/Bohemia on Records\u00a0<\/a><\/strong>at the T.G. Masaryk Czech School in Chicago. The publication \u201eBohemia on Records\u201c offers readers the first comprehensive overview of recordings produced by American gramophone companies for a growing community of Czech immigrants in the US during the first half of the twentieth century.<br \/>\n<\/span><\/p>\n<p><span class=\"st\">Read more<\/span> about the publication and Filip \u0160\u00edr&#8217;s&nbsp;Chicago visit <a href=\"https:\/\/www.mzv.cz\/chicago\/en\/culture_events\/culture_events\/preserving_early_czech_sound_recordings.html\" target=\"_blank\" rel=\"noopener\">here<\/a>.<\/p>\n<\/div><div class=\"fusion-clearfix\"><\/div><\/div><\/div><\/div><\/div>\n","protected":false},"excerpt":{"rendered":"","protected":false},"author":2,"featured_media":3924,"comment_status":"closed","ping_status":"open","sticky":false,"template":"","format":"standard","meta":[],"categories":[60,45,42,59],"tags":[],"_links":{"self":[{"href":"https:\/\/novyfonograf.cz\/en\/wp-json\/wp\/v2\/posts\/3929"}],"collection":[{"href":"https:\/\/novyfonograf.cz\/en\/wp-json\/wp\/v2\/posts"}],"about":[{"href":"https:\/\/novyfonograf.cz\/en\/wp-json\/wp\/v2\/types\/post"}],"author":[{"embeddable":true,"href":"https:\/\/novyfonograf.cz\/en\/wp-json\/wp\/v2\/users\/2"}],"replies":[{"embeddable":true,"href":"https:\/\/novyfonograf.cz\/en\/wp-json\/wp\/v2\/comments?post=3929"}],"version-history":[{"count":3,"href":"https:\/\/novyfonograf.cz\/en\/wp-json\/wp\/v2\/posts\/3929\/revisions"}],"predecessor-version":[{"id":4278,"href":"https:\/\/novyfonograf.cz\/en\/wp-json\/wp\/v2\/posts\/3929\/revisions\/4278"}],"wp:featuredmedia":[{"embeddable":true,"href":"https:\/\/novyfonograf.cz\/en\/wp-json\/wp\/v2\/media\/3924"}],"wp:attachment":[{"href":"https:\/\/novyfonograf.cz\/en\/wp-json\/wp\/v2\/media?parent=3929"}],"wp:term":[{"taxonomy":"category","embeddable":true,"href":"https:\/\/novyfonograf.cz\/en\/wp-json\/wp\/v2\/categories?post=3929"},{"taxonomy":"post_tag","embeddable":true,"href":"https:\/\/novyfonograf.cz\/en\/wp-json\/wp\/v2\/tags?post=3929"}],"curies":[{"name":"wp","href":"https:\/\/api.w.org\/{rel}","templated":true}]}}